{"id":678,"date":"2022-12-28T16:40:20","date_gmt":"2022-12-28T15:40:20","guid":{"rendered":"https:\/\/enpamira.com\/?p=678"},"modified":"2023-02-09T23:43:11","modified_gmt":"2023-02-09T22:43:11","slug":"un-aiuto-per-mara","status":"publish","type":"post","link":"https:\/\/enpamira.com\/index.php\/2022\/12\/28\/un-aiuto-per-mara\/","title":{"rendered":"Aggiornamento &#8211; Un aiuto per Mara"},"content":{"rendered":"\n<p><strong>Aggiornamento febbraio 2023<\/strong><br><\/p>\n\n\n\n<p>Vi ricordate di Mara? La micia soccorsa a Mira, sotto al Passante, con una grave forma di tumore all\u2019occhio?? Dopo un importante intervento chirurgico ed una delicata convalescenza, si gode nuovamente il sole\u2026.<\/p>\n\n\n\n<p>Naturalmente non \u00e8 stato possibile rimetterla in libert\u00e0 nel suo ambiente (viveva in una \u201ccolonia\u201d) poich\u00e9 la sua situazione generale la rende comunque vulnerabile, e quindi ora \u00e8 ospite nel nostro Rifugio. Si \u00e8 ambientata, ha fatto amicizia con gli altri mici, sa astutamente scegliere quando uscire al sole e quando rientrare nelle stanze riscaldate. Con questo post, e soprattutto con le foto di Mara, vogliamo ringraziare tutti voi che generosamente ci avete aiutato a sostenere le tante spese veterinarie per Mara. Il nostro messaggio di sincera riconoscenza \u00e8 rivolto ad ognuno di voi che con discrezione avete risposto al nostro appello. E per ringraziare tutti voi, diciamo Grazie a Maddalena e Carlotta, due piccole amanti degli animali che hanno donato i loro risparmi per le cure di Mara.<\/p>\n\n\n\n<p>Grazie a tutti, di cuore <img loading=\"lazy\" decoding=\"async\" width=\"16\" height=\"16\" src=\"https:\/\/static.xx.fbcdn.net\/images\/emoji.php\/v9\/t66\/1\/16\/1f493.png\" alt=\"\ud83d\udc93\">, la vostra vicinanza ci incoraggia e ci emoziona.<\/p>\n\n\n\n<figure class=\"wp-block-gallery has-nested-images columns-default is-cropped wp-block-gallery-1 is-layout-flex wp-block-gallery-is-layout-flex\">\n<figure class=\"wp-block-image size-large\"><img loading=\"lazy\" decoding=\"async\" width=\"768\" height=\"1024\" data-id=\"704\" src=\"https:\/\/enpamira.com\/wp-content\/uploads\/2023\/02\/328779031_1365552650942304_3379864029396168268_n-768x1024.jpg\" alt=\"\" class=\"wp-image-704\" srcset=\"https:\/\/enpamira.com\/wp-content\/uploads\/2023\/02\/328779031_1365552650942304_3379864029396168268_n-768x1024.jpg 768w, https:\/\/enpamira.com\/wp-content\/uploads\/2023\/02\/328779031_1365552650942304_3379864029396168268_n-225x300.jpg 225w, https:\/\/enpamira.com\/wp-content\/uploads\/2023\/02\/328779031_1365552650942304_3379864029396168268_n-1152x1536.jpg 1152w, https:\/\/enpamira.com\/wp-content\/uploads\/2023\/02\/328779031_1365552650942304_3379864029396168268_n-113x150.jpg 113w, https:\/\/enpamira.com\/wp-content\/uploads\/2023\/02\/328779031_1365552650942304_3379864029396168268_n.jpg 1536w\" sizes=\"auto, (max-width: 768px) 100vw, 768px\" \/><\/figure>\n\n\n\n<figure class=\"wp-block-image size-large\"><img loading=\"lazy\" decoding=\"async\" width=\"1024\" height=\"768\" data-id=\"705\" src=\"https:\/\/enpamira.com\/wp-content\/uploads\/2023\/02\/gfgffg-1024x768.jpg\" alt=\"\" class=\"wp-image-705\" srcset=\"https:\/\/enpamira.com\/wp-content\/uploads\/2023\/02\/gfgffg-1024x768.jpg 1024w, https:\/\/enpamira.com\/wp-content\/uploads\/2023\/02\/gfgffg-300x225.jpg 300w, https:\/\/enpamira.com\/wp-content\/uploads\/2023\/02\/gfgffg-768x576.jpg 768w, https:\/\/enpamira.com\/wp-content\/uploads\/2023\/02\/gfgffg-1536x1152.jpg 1536w, https:\/\/enpamira.com\/wp-content\/uploads\/2023\/02\/gfgffg-150x113.jpg 150w, https:\/\/enpamira.com\/wp-content\/uploads\/2023\/02\/gfgffg-200x150.jpg 200w, https:\/\/enpamira.com\/wp-content\/uploads\/2023\/02\/gfgffg.jpg 2048w\" sizes=\"auto, (max-width: 1024px) 100vw, 1024px\" \/><\/figure>\n<\/figure>\n\n\n\n<hr class=\"wp-block-separator has-alpha-channel-opacity\"\/>\n\n\n\n<p>Ricordate la gattina che in molti ci avete segnalato lungo via Taglio sotto il ponte del Passante?<br>Dopo molti appostamenti e tante, tante ore di attesa delle volontarie, \u00e8 stata finalmente recuperata nei giorni scorsi e ora potr\u00e0 essere curata.<\/p>\n\n\n\n<p>Mara, cos\u00ec l\u2019abbiamo chiamata, oggi verr\u00e0 operata per la forma tumorale che le ha dilaniato l\u2019occhio (abbiamo oscurato la foto perch\u00e9 si tratta di immagini veramente impressionanti)<\/p>\n\n\n\n<p>Purtroppo la spesa per l\u2019intervento e le cure superer\u00e0 i 450\u20ac e si aggiunge alle moltissime spese mediche che gi\u00e0 sosteniamo per la cura dei nostri ospiti e di molti mici delle colonie feline.<br>Peraltro proprio a Mara alcuni anni fa avevamo fatto operare un precedente tumore alle orecchie (come vedete dalla foto le sono stati asportati entrambi i padiglioni).<\/p>\n\n\n\n<p><strong>Chi avesse piacere di contribuire alle spese veterinarie pu\u00f2 donare utilizzando il seguente IBAN: IT41R0845236180000000092813 intestato al Rifugio Enpa di Mira, scrivendo nella causale &#8220;intervento Mara&#8221;. <\/strong><br>Grazie<\/p>\n\n\n\n<figure class=\"wp-block-gallery has-nested-images columns-default is-cropped wp-block-gallery-2 is-layout-flex wp-block-gallery-is-layout-flex\">\n<figure class=\"wp-block-image size-large\"><img loading=\"lazy\" decoding=\"async\" width=\"750\" height=\"654\" data-id=\"679\" src=\"https:\/\/enpamira.com\/wp-content\/uploads\/2022\/12\/322252150_723794392249486_8870090720902342126_n.jpg\" alt=\"\" class=\"wp-image-679\" srcset=\"https:\/\/enpamira.com\/wp-content\/uploads\/2022\/12\/322252150_723794392249486_8870090720902342126_n.jpg 750w, https:\/\/enpamira.com\/wp-content\/uploads\/2022\/12\/322252150_723794392249486_8870090720902342126_n-300x262.jpg 300w, https:\/\/enpamira.com\/wp-content\/uploads\/2022\/12\/322252150_723794392249486_8870090720902342126_n-150x131.jpg 150w, https:\/\/enpamira.com\/wp-content\/uploads\/2022\/12\/322252150_723794392249486_8870090720902342126_n-172x150.jpg 172w\" sizes=\"auto, (max-width: 750px) 100vw, 750px\" \/><\/figure>\n<\/figure>\n","protected":false},"excerpt":{"rendered":"<p>Aggiornamento febbraio 2023 Vi ricordate di Mara? La micia soccorsa a Mira, sotto al Passante, con una grave forma di tumore all\u2019occhio?? Dopo un importante intervento chirurgico ed una delicata convalescenza, si gode nuovamente il sole\u2026. Naturalmente non \u00e8 stato possibile rimetterla in libert\u00e0 nel suo ambiente (viveva in una \u201ccolonia\u201d) poich\u00e9 la sua situazione [&hellip;]<\/p>\n","protected":false},"author":1,"featured_media":0,"comment_status":"open","ping_status":"closed","sticky":false,"template":"","format":"standard","meta":{"_jetpack_memberships_contains_paid_content":false,"footnotes":"","jetpack_publicize_message":"","jetpack_publicize_feature_enabled":true,"jetpack_social_post_already_shared":true,"jetpack_social_options":{"image_generator_settings":{"template":"highway","default_image_id":0,"font":"","enabled":false},"version":2}},"categories":[22],"tags":[25,57,56,30],"class_list":["post-678","post","type-post","status-publish","format-standard","hentry","category-emergenze","tag-enpa-mira","tag-gatti-adozione-mira","tag-gattile-mira","tag-rifugio-enpa-mira","post-preview"],"yoast_head":"<!-- This site is optimized with the Yoast SEO plugin v27.2 - https:\/\/yoast.com\/product\/yoast-seo-wordpress\/ -->\n<title>Aggiornamento - Un aiuto per Mara - Enpa Mira<\/title>\n<meta name=\"robots\" content=\"index, follow, max-snippet:-1, max-image-preview:large, max-video-preview:-1\" \/>\n<link rel=\"canonical\" href=\"https:\/\/enpamira.com\/index.php\/2022\/12\/28\/un-aiuto-per-mara\/\" \/>\n<meta property=\"og:locale\" content=\"it_IT\" \/>\n<meta property=\"og:type\" content=\"article\" \/>\n<meta property=\"og:title\" content=\"Aggiornamento - Un aiuto per Mara - Enpa Mira\" \/>\n<meta property=\"og:description\" content=\"Aggiornamento febbraio 2023 Vi ricordate di Mara? La micia soccorsa a Mira, sotto al Passante, con una grave forma di tumore all\u2019occhio?? Dopo un importante intervento chirurgico ed una delicata convalescenza, si gode nuovamente il sole\u2026. Naturalmente non \u00e8 stato possibile rimetterla in libert\u00e0 nel suo ambiente (viveva in una \u201ccolonia\u201d) poich\u00e9 la sua situazione [&hellip;]\" \/>\n<meta property=\"og:url\" content=\"https:\/\/enpamira.com\/index.php\/2022\/12\/28\/un-aiuto-per-mara\/\" \/>\n<meta property=\"og:site_name\" content=\"Enpa Mira\" \/>\n<meta property=\"article:publisher\" content=\"https:\/\/www.facebook.com\/Rifugio-ENPA-di-Mira-207730792746844\/\" \/>\n<meta property=\"article:published_time\" content=\"2022-12-28T15:40:20+00:00\" \/>\n<meta property=\"article:modified_time\" content=\"2023-02-09T22:43:11+00:00\" \/>\n<meta property=\"og:image\" content=\"https:\/\/static.xx.fbcdn.net\/images\/emoji.php\/v9\/t66\/1\/16\/1f493.png\" \/>\n<meta name=\"author\" content=\"admin\" \/>\n<meta name=\"twitter:card\" content=\"summary_large_image\" \/>\n<meta name=\"twitter:label1\" content=\"Scritto da\" \/>\n\t<meta name=\"twitter:data1\" content=\"admin\" \/>\n\t<meta name=\"twitter:label2\" content=\"Tempo di lettura stimato\" \/>\n\t<meta name=\"twitter:data2\" content=\"3 minuti\" \/>\n<script type=\"application\/ld+json\" class=\"yoast-schema-graph\">{\"@context\":\"https:\/\/schema.org\",\"@graph\":[{\"@type\":\"Article\",\"@id\":\"https:\/\/enpamira.com\/index.php\/2022\/12\/28\/un-aiuto-per-mara\/#article\",\"isPartOf\":{\"@id\":\"https:\/\/enpamira.com\/index.php\/2022\/12\/28\/un-aiuto-per-mara\/\"},\"author\":{\"name\":\"admin\",\"@id\":\"https:\/\/enpamira.com\/#\/schema\/person\/6ba21f9743937402d64774d6049e917c\"},\"headline\":\"Aggiornamento &#8211; Un aiuto per Mara\",\"datePublished\":\"2022-12-28T15:40:20+00:00\",\"dateModified\":\"2023-02-09T22:43:11+00:00\",\"mainEntityOfPage\":{\"@id\":\"https:\/\/enpamira.com\/index.php\/2022\/12\/28\/un-aiuto-per-mara\/\"},\"wordCount\":336,\"commentCount\":0,\"publisher\":{\"@id\":\"https:\/\/enpamira.com\/#organization\"},\"image\":{\"@id\":\"https:\/\/enpamira.com\/index.php\/2022\/12\/28\/un-aiuto-per-mara\/#primaryimage\"},\"thumbnailUrl\":\"https:\/\/static.xx.fbcdn.net\/images\/emoji.php\/v9\/t66\/1\/16\/1f493.png\",\"keywords\":[\"enpa mira\",\"gatti adozione mira\",\"gattile mira\",\"rifugio enpa mira\"],\"articleSection\":[\"emergenze\"],\"inLanguage\":\"it-IT\",\"potentialAction\":[{\"@type\":\"CommentAction\",\"name\":\"Comment\",\"target\":[\"https:\/\/enpamira.com\/index.php\/2022\/12\/28\/un-aiuto-per-mara\/#respond\"]}]},{\"@type\":\"WebPage\",\"@id\":\"https:\/\/enpamira.com\/index.php\/2022\/12\/28\/un-aiuto-per-mara\/\",\"url\":\"https:\/\/enpamira.com\/index.php\/2022\/12\/28\/un-aiuto-per-mara\/\",\"name\":\"Aggiornamento - Un aiuto per Mara - Enpa Mira\",\"isPartOf\":{\"@id\":\"https:\/\/enpamira.com\/#website\"},\"primaryImageOfPage\":{\"@id\":\"https:\/\/enpamira.com\/index.php\/2022\/12\/28\/un-aiuto-per-mara\/#primaryimage\"},\"image\":{\"@id\":\"https:\/\/enpamira.com\/index.php\/2022\/12\/28\/un-aiuto-per-mara\/#primaryimage\"},\"thumbnailUrl\":\"https:\/\/static.xx.fbcdn.net\/images\/emoji.php\/v9\/t66\/1\/16\/1f493.png\",\"datePublished\":\"2022-12-28T15:40:20+00:00\",\"dateModified\":\"2023-02-09T22:43:11+00:00\",\"breadcrumb\":{\"@id\":\"https:\/\/enpamira.com\/index.php\/2022\/12\/28\/un-aiuto-per-mara\/#breadcrumb\"},\"inLanguage\":\"it-IT\",\"potentialAction\":[{\"@type\":\"ReadAction\",\"target\":[\"https:\/\/enpamira.com\/index.php\/2022\/12\/28\/un-aiuto-per-mara\/\"]}]},{\"@type\":\"ImageObject\",\"inLanguage\":\"it-IT\",\"@id\":\"https:\/\/enpamira.com\/index.php\/2022\/12\/28\/un-aiuto-per-mara\/#primaryimage\",\"url\":\"https:\/\/static.xx.fbcdn.net\/images\/emoji.php\/v9\/t66\/1\/16\/1f493.png\",\"contentUrl\":\"https:\/\/static.xx.fbcdn.net\/images\/emoji.php\/v9\/t66\/1\/16\/1f493.png\"},{\"@type\":\"BreadcrumbList\",\"@id\":\"https:\/\/enpamira.com\/index.php\/2022\/12\/28\/un-aiuto-per-mara\/#breadcrumb\",\"itemListElement\":[{\"@type\":\"ListItem\",\"position\":1,\"name\":\"Home\",\"item\":\"https:\/\/enpamira.com\/\"},{\"@type\":\"ListItem\",\"position\":2,\"name\":\"Aggiornamento &#8211; Un aiuto per Mara\"}]},{\"@type\":\"WebSite\",\"@id\":\"https:\/\/enpamira.com\/#website\",\"url\":\"https:\/\/enpamira.com\/\",\"name\":\"Enpa Mira\",\"description\":\"\",\"publisher\":{\"@id\":\"https:\/\/enpamira.com\/#organization\"},\"potentialAction\":[{\"@type\":\"SearchAction\",\"target\":{\"@type\":\"EntryPoint\",\"urlTemplate\":\"https:\/\/enpamira.com\/?s={search_term_string}\"},\"query-input\":{\"@type\":\"PropertyValueSpecification\",\"valueRequired\":true,\"valueName\":\"search_term_string\"}}],\"inLanguage\":\"it-IT\"},{\"@type\":\"Organization\",\"@id\":\"https:\/\/enpamira.com\/#organization\",\"name\":\"Enpa sezione di Mira\",\"url\":\"https:\/\/enpamira.com\/\",\"logo\":{\"@type\":\"ImageObject\",\"inLanguage\":\"it-IT\",\"@id\":\"https:\/\/enpamira.com\/#\/schema\/logo\/image\/\",\"url\":\"https:\/\/enpamira.com\/wp-content\/uploads\/2022\/08\/cropped-664.jpg\",\"contentUrl\":\"https:\/\/enpamira.com\/wp-content\/uploads\/2022\/08\/cropped-664.jpg\",\"width\":115,\"height\":109,\"caption\":\"Enpa sezione di Mira\"},\"image\":{\"@id\":\"https:\/\/enpamira.com\/#\/schema\/logo\/image\/\"},\"sameAs\":[\"https:\/\/www.facebook.com\/Rifugio-ENPA-di-Mira-207730792746844\/\"]},{\"@type\":\"Person\",\"@id\":\"https:\/\/enpamira.com\/#\/schema\/person\/6ba21f9743937402d64774d6049e917c\",\"name\":\"admin\",\"image\":{\"@type\":\"ImageObject\",\"inLanguage\":\"it-IT\",\"@id\":\"https:\/\/secure.gravatar.com\/avatar\/4e5b795ac53919d5778fda7a49806a4e69b385e4811cf5b688079136d9d8859f?s=96&d=monsterid&r=g\",\"url\":\"https:\/\/secure.gravatar.com\/avatar\/4e5b795ac53919d5778fda7a49806a4e69b385e4811cf5b688079136d9d8859f?s=96&d=monsterid&r=g\",\"contentUrl\":\"https:\/\/secure.gravatar.com\/avatar\/4e5b795ac53919d5778fda7a49806a4e69b385e4811cf5b688079136d9d8859f?s=96&d=monsterid&r=g\",\"caption\":\"admin\"},\"sameAs\":[\"https:\/\/enpamira.com\"],\"url\":\"https:\/\/enpamira.com\/index.php\/author\/admin_enpamira\/\"}]}<\/script>\n<!-- \/ Yoast SEO plugin. -->","yoast_head_json":{"title":"Aggiornamento - Un aiuto per Mara - Enpa Mira","robots":{"index":"index","follow":"follow","max-snippet":"max-snippet:-1","max-image-preview":"max-image-preview:large","max-video-preview":"max-video-preview:-1"},"canonical":"https:\/\/enpamira.com\/index.php\/2022\/12\/28\/un-aiuto-per-mara\/","og_locale":"it_IT","og_type":"article","og_title":"Aggiornamento - Un aiuto per Mara - Enpa Mira","og_description":"Aggiornamento febbraio 2023 Vi ricordate di Mara? La micia soccorsa a Mira, sotto al Passante, con una grave forma di tumore all\u2019occhio?? Dopo un importante intervento chirurgico ed una delicata convalescenza, si gode nuovamente il sole\u2026. Naturalmente non \u00e8 stato possibile rimetterla in libert\u00e0 nel suo ambiente (viveva in una \u201ccolonia\u201d) poich\u00e9 la sua situazione [&hellip;]","og_url":"https:\/\/enpamira.com\/index.php\/2022\/12\/28\/un-aiuto-per-mara\/","og_site_name":"Enpa Mira","article_publisher":"https:\/\/www.facebook.com\/Rifugio-ENPA-di-Mira-207730792746844\/","article_published_time":"2022-12-28T15:40:20+00:00","article_modified_time":"2023-02-09T22:43:11+00:00","og_image":[{"url":"https:\/\/static.xx.fbcdn.net\/images\/emoji.php\/v9\/t66\/1\/16\/1f493.png","type":"","width":"","height":""}],"author":"admin","twitter_card":"summary_large_image","twitter_misc":{"Scritto da":"admin","Tempo di lettura stimato":"3 minuti"},"schema":{"@context":"https:\/\/schema.org","@graph":[{"@type":"Article","@id":"https:\/\/enpamira.com\/index.php\/2022\/12\/28\/un-aiuto-per-mara\/#article","isPartOf":{"@id":"https:\/\/enpamira.com\/index.php\/2022\/12\/28\/un-aiuto-per-mara\/"},"author":{"name":"admin","@id":"https:\/\/enpamira.com\/#\/schema\/person\/6ba21f9743937402d64774d6049e917c"},"headline":"Aggiornamento &#8211; Un aiuto per Mara","datePublished":"2022-12-28T15:40:20+00:00","dateModified":"2023-02-09T22:43:11+00:00","mainEntityOfPage":{"@id":"https:\/\/enpamira.com\/index.php\/2022\/12\/28\/un-aiuto-per-mara\/"},"wordCount":336,"commentCount":0,"publisher":{"@id":"https:\/\/enpamira.com\/#organization"},"image":{"@id":"https:\/\/enpamira.com\/index.php\/2022\/12\/28\/un-aiuto-per-mara\/#primaryimage"},"thumbnailUrl":"https:\/\/static.xx.fbcdn.net\/images\/emoji.php\/v9\/t66\/1\/16\/1f493.png","keywords":["enpa mira","gatti adozione mira","gattile mira","rifugio enpa mira"],"articleSection":["emergenze"],"inLanguage":"it-IT","potentialAction":[{"@type":"CommentAction","name":"Comment","target":["https:\/\/enpamira.com\/index.php\/2022\/12\/28\/un-aiuto-per-mara\/#respond"]}]},{"@type":"WebPage","@id":"https:\/\/enpamira.com\/index.php\/2022\/12\/28\/un-aiuto-per-mara\/","url":"https:\/\/enpamira.com\/index.php\/2022\/12\/28\/un-aiuto-per-mara\/","name":"Aggiornamento - Un aiuto per Mara - Enpa Mira","isPartOf":{"@id":"https:\/\/enpamira.com\/#website"},"primaryImageOfPage":{"@id":"https:\/\/enpamira.com\/index.php\/2022\/12\/28\/un-aiuto-per-mara\/#primaryimage"},"image":{"@id":"https:\/\/enpamira.com\/index.php\/2022\/12\/28\/un-aiuto-per-mara\/#primaryimage"},"thumbnailUrl":"https:\/\/static.xx.fbcdn.net\/images\/emoji.php\/v9\/t66\/1\/16\/1f493.png","datePublished":"2022-12-28T15:40:20+00:00","dateModified":"2023-02-09T22:43:11+00:00","breadcrumb":{"@id":"https:\/\/enpamira.com\/index.php\/2022\/12\/28\/un-aiuto-per-mara\/#breadcrumb"},"inLanguage":"it-IT","potentialAction":[{"@type":"ReadAction","target":["https:\/\/enpamira.com\/index.php\/2022\/12\/28\/un-aiuto-per-mara\/"]}]},{"@type":"ImageObject","inLanguage":"it-IT","@id":"https:\/\/enpamira.com\/index.php\/2022\/12\/28\/un-aiuto-per-mara\/#primaryimage","url":"https:\/\/static.xx.fbcdn.net\/images\/emoji.php\/v9\/t66\/1\/16\/1f493.png","contentUrl":"https:\/\/static.xx.fbcdn.net\/images\/emoji.php\/v9\/t66\/1\/16\/1f493.png"},{"@type":"BreadcrumbList","@id":"https:\/\/enpamira.com\/index.php\/2022\/12\/28\/un-aiuto-per-mara\/#breadcrumb","itemListElement":[{"@type":"ListItem","position":1,"name":"Home","item":"https:\/\/enpamira.com\/"},{"@type":"ListItem","position":2,"name":"Aggiornamento &#8211; Un aiuto per Mara"}]},{"@type":"WebSite","@id":"https:\/\/enpamira.com\/#website","url":"https:\/\/enpamira.com\/","name":"Enpa Mira","description":"","publisher":{"@id":"https:\/\/enpamira.com\/#organization"},"potentialAction":[{"@type":"SearchAction","target":{"@type":"EntryPoint","urlTemplate":"https:\/\/enpamira.com\/?s={search_term_string}"},"query-input":{"@type":"PropertyValueSpecification","valueRequired":true,"valueName":"search_term_string"}}],"inLanguage":"it-IT"},{"@type":"Organization","@id":"https:\/\/enpamira.com\/#organization","name":"Enpa sezione di Mira","url":"https:\/\/enpamira.com\/","logo":{"@type":"ImageObject","inLanguage":"it-IT","@id":"https:\/\/enpamira.com\/#\/schema\/logo\/image\/","url":"https:\/\/enpamira.com\/wp-content\/uploads\/2022\/08\/cropped-664.jpg","contentUrl":"https:\/\/enpamira.com\/wp-content\/uploads\/2022\/08\/cropped-664.jpg","width":115,"height":109,"caption":"Enpa sezione di Mira"},"image":{"@id":"https:\/\/enpamira.com\/#\/schema\/logo\/image\/"},"sameAs":["https:\/\/www.facebook.com\/Rifugio-ENPA-di-Mira-207730792746844\/"]},{"@type":"Person","@id":"https:\/\/enpamira.com\/#\/schema\/person\/6ba21f9743937402d64774d6049e917c","name":"admin","image":{"@type":"ImageObject","inLanguage":"it-IT","@id":"https:\/\/secure.gravatar.com\/avatar\/4e5b795ac53919d5778fda7a49806a4e69b385e4811cf5b688079136d9d8859f?s=96&d=monsterid&r=g","url":"https:\/\/secure.gravatar.com\/avatar\/4e5b795ac53919d5778fda7a49806a4e69b385e4811cf5b688079136d9d8859f?s=96&d=monsterid&r=g","contentUrl":"https:\/\/secure.gravatar.com\/avatar\/4e5b795ac53919d5778fda7a49806a4e69b385e4811cf5b688079136d9d8859f?s=96&d=monsterid&r=g","caption":"admin"},"sameAs":["https:\/\/enpamira.com"],"url":"https:\/\/enpamira.com\/index.php\/author\/admin_enpamira\/"}]}},"jetpack_publicize_connections":[],"jetpack_featured_media_url":"","jetpack_sharing_enabled":true,"_links":{"self":[{"href":"https:\/\/enpamira.com\/index.php\/wp-json\/wp\/v2\/posts\/678","targetHints":{"allow":["GET"]}}],"collection":[{"href":"https:\/\/enpamira.com\/index.php\/wp-json\/wp\/v2\/posts"}],"about":[{"href":"https:\/\/enpamira.com\/index.php\/wp-json\/wp\/v2\/types\/post"}],"author":[{"embeddable":true,"href":"https:\/\/enpamira.com\/index.php\/wp-json\/wp\/v2\/users\/1"}],"replies":[{"embeddable":true,"href":"https:\/\/enpamira.com\/index.php\/wp-json\/wp\/v2\/comments?post=678"}],"version-history":[{"count":5,"href":"https:\/\/enpamira.com\/index.php\/wp-json\/wp\/v2\/posts\/678\/revisions"}],"predecessor-version":[{"id":708,"href":"https:\/\/enpamira.com\/index.php\/wp-json\/wp\/v2\/posts\/678\/revisions\/708"}],"wp:attachment":[{"href":"https:\/\/enpamira.com\/index.php\/wp-json\/wp\/v2\/media?parent=678"}],"wp:term":[{"taxonomy":"category","embeddable":true,"href":"https:\/\/enpamira.com\/index.php\/wp-json\/wp\/v2\/categories?post=678"},{"taxonomy":"post_tag","embeddable":true,"href":"https:\/\/enpamira.com\/index.php\/wp-json\/wp\/v2\/tags?post=678"}],"curies":[{"name":"wp","href":"https:\/\/api.w.org\/{rel}","templated":true}]}}