{"id":674,"date":"2022-12-28T16:31:03","date_gmt":"2022-12-28T15:31:03","guid":{"rendered":"https:\/\/enpamira.com\/?p=674"},"modified":"2023-05-13T00:51:12","modified_gmt":"2023-05-12T22:51:12","slug":"sacha-taglia-media-3-anni","status":"publish","type":"post","link":"https:\/\/enpamira.com\/index.php\/2022\/12\/28\/sacha-taglia-media-3-anni\/","title":{"rendered":"Sacha taglia media 3 anni"},"content":{"rendered":"\n<p>Sasha cerca casa<\/p>\n\n\n\n<p>Sasha \u00e8 un bellissimo e giovane maschio di quasi 3 anni, taglia media, castrato e in regola con le vaccinazioni. \u00c8 un cane socievole che ama la compagnia sia dei suoi co-specifici, con i quali \u00e8 un instancabile compagno di giochi, che degli esseri umani con i quali ha bisogno di instaurare un graduale rapporto di fiducia. Necessita anche di uno spazio all&#8217;aperto e di una famiglia che gli dedichi le giuste attenzioni.<\/p>\n\n\n\n<p><strong>Se volete conoscere il bellissimo Sasha contattateci al 329.6799926<\/strong><\/p>\n\n\n\n<figure class=\"wp-block-image size-full\"><img loading=\"lazy\" decoding=\"async\" width=\"756\" height=\"920\" src=\"https:\/\/enpamira.com\/wp-content\/uploads\/2022\/12\/320921526_941839987200540_1192647329255217568_n-1.jpg\" alt=\"\" class=\"wp-image-675\" srcset=\"https:\/\/enpamira.com\/wp-content\/uploads\/2022\/12\/320921526_941839987200540_1192647329255217568_n-1.jpg 756w, https:\/\/enpamira.com\/wp-content\/uploads\/2022\/12\/320921526_941839987200540_1192647329255217568_n-1-247x300.jpg 247w, https:\/\/enpamira.com\/wp-content\/uploads\/2022\/12\/320921526_941839987200540_1192647329255217568_n-1-123x150.jpg 123w\" sizes=\"auto, (max-width: 756px) 100vw, 756px\" \/><\/figure>\n","protected":false},"excerpt":{"rendered":"<p>Sasha cerca casa Sasha \u00e8 un bellissimo e giovane maschio di quasi 3 anni, taglia media, castrato e in regola con le vaccinazioni. \u00c8 un cane socievole che ama la compagnia sia dei suoi co-specifici, con i quali \u00e8 un instancabile compagno di giochi, che degli esseri umani con i quali ha bisogno di instaurare [&hellip;]<\/p>\n","protected":false},"author":1,"featured_media":0,"comment_status":"open","ping_status":"closed","sticky":false,"template":"","format":"standard","meta":{"_jetpack_memberships_contains_paid_content":false,"footnotes":"","jetpack_publicize_message":"","jetpack_publicize_feature_enabled":true,"jetpack_social_post_already_shared":true,"jetpack_social_options":{"image_generator_settings":{"template":"highway","default_image_id":0,"font":"","enabled":false},"version":2}},"categories":[12],"tags":[51,67,48,25],"class_list":["post-674","post","type-post","status-publish","format-standard","hentry","category-cani-in-adozione","tag-cane-da-adottare-mira","tag-cane-taglia-media-adozione-venezia","tag-canile-enpa-mira","tag-enpa-mira","post-preview"],"yoast_head":"<!-- This site is optimized with the Yoast SEO plugin v27.2 - https:\/\/yoast.com\/product\/yoast-seo-wordpress\/ -->\n<title>Sacha taglia media 3 anni - Enpa Mira<\/title>\n<meta name=\"robots\" content=\"index, follow, max-snippet:-1, max-image-preview:large, max-video-preview:-1\" \/>\n<link rel=\"canonical\" href=\"https:\/\/enpamira.com\/index.php\/2022\/12\/28\/sacha-taglia-media-3-anni\/\" \/>\n<meta property=\"og:locale\" content=\"it_IT\" \/>\n<meta property=\"og:type\" content=\"article\" \/>\n<meta property=\"og:title\" content=\"Sacha taglia media 3 anni - Enpa Mira\" \/>\n<meta property=\"og:description\" content=\"Sasha cerca casa Sasha \u00e8 un bellissimo e giovane maschio di quasi 3 anni, taglia media, castrato e in regola con le vaccinazioni. \u00c8 un cane socievole che ama la compagnia sia dei suoi co-specifici, con i quali \u00e8 un instancabile compagno di giochi, che degli esseri umani con i quali ha bisogno di instaurare [&hellip;]\" \/>\n<meta property=\"og:url\" content=\"https:\/\/enpamira.com\/index.php\/2022\/12\/28\/sacha-taglia-media-3-anni\/\" \/>\n<meta property=\"og:site_name\" content=\"Enpa Mira\" \/>\n<meta property=\"article:publisher\" content=\"https:\/\/www.facebook.com\/Rifugio-ENPA-di-Mira-207730792746844\/\" \/>\n<meta property=\"article:published_time\" content=\"2022-12-28T15:31:03+00:00\" \/>\n<meta property=\"article:modified_time\" content=\"2023-05-12T22:51:12+00:00\" \/>\n<meta property=\"og:image\" content=\"https:\/\/enpamira.com\/wp-content\/uploads\/2022\/12\/320921526_941839987200540_1192647329255217568_n-1.jpg\" \/>\n<meta name=\"author\" content=\"admin\" \/>\n<meta name=\"twitter:card\" content=\"summary_large_image\" \/>\n<meta name=\"twitter:label1\" content=\"Scritto da\" \/>\n\t<meta name=\"twitter:data1\" content=\"admin\" \/>\n\t<meta name=\"twitter:label2\" content=\"Tempo di lettura stimato\" \/>\n\t<meta name=\"twitter:data2\" content=\"1 minuto\" \/>\n<script type=\"application\/ld+json\" class=\"yoast-schema-graph\">{\"@context\":\"https:\/\/schema.org\",\"@graph\":[{\"@type\":\"Article\",\"@id\":\"https:\/\/enpamira.com\/index.php\/2022\/12\/28\/sacha-taglia-media-3-anni\/#article\",\"isPartOf\":{\"@id\":\"https:\/\/enpamira.com\/index.php\/2022\/12\/28\/sacha-taglia-media-3-anni\/\"},\"author\":{\"name\":\"admin\",\"@id\":\"https:\/\/enpamira.com\/#\/schema\/person\/6ba21f9743937402d64774d6049e917c\"},\"headline\":\"Sacha taglia media 3 anni\",\"datePublished\":\"2022-12-28T15:31:03+00:00\",\"dateModified\":\"2023-05-12T22:51:12+00:00\",\"mainEntityOfPage\":{\"@id\":\"https:\/\/enpamira.com\/index.php\/2022\/12\/28\/sacha-taglia-media-3-anni\/\"},\"wordCount\":85,\"commentCount\":0,\"publisher\":{\"@id\":\"https:\/\/enpamira.com\/#organization\"},\"image\":{\"@id\":\"https:\/\/enpamira.com\/index.php\/2022\/12\/28\/sacha-taglia-media-3-anni\/#primaryimage\"},\"thumbnailUrl\":\"https:\/\/enpamira.com\/wp-content\/uploads\/2022\/12\/320921526_941839987200540_1192647329255217568_n-1.jpg\",\"keywords\":[\"cane da adottare mira\",\"cane taglia media adozione venezia\",\"canile enpa mira\",\"enpa mira\"],\"articleSection\":[\"cani in adozione\"],\"inLanguage\":\"it-IT\",\"potentialAction\":[{\"@type\":\"CommentAction\",\"name\":\"Comment\",\"target\":[\"https:\/\/enpamira.com\/index.php\/2022\/12\/28\/sacha-taglia-media-3-anni\/#respond\"]}]},{\"@type\":\"WebPage\",\"@id\":\"https:\/\/enpamira.com\/index.php\/2022\/12\/28\/sacha-taglia-media-3-anni\/\",\"url\":\"https:\/\/enpamira.com\/index.php\/2022\/12\/28\/sacha-taglia-media-3-anni\/\",\"name\":\"Sacha taglia media 3 anni - Enpa Mira\",\"isPartOf\":{\"@id\":\"https:\/\/enpamira.com\/#website\"},\"primaryImageOfPage\":{\"@id\":\"https:\/\/enpamira.com\/index.php\/2022\/12\/28\/sacha-taglia-media-3-anni\/#primaryimage\"},\"image\":{\"@id\":\"https:\/\/enpamira.com\/index.php\/2022\/12\/28\/sacha-taglia-media-3-anni\/#primaryimage\"},\"thumbnailUrl\":\"https:\/\/enpamira.com\/wp-content\/uploads\/2022\/12\/320921526_941839987200540_1192647329255217568_n-1.jpg\",\"datePublished\":\"2022-12-28T15:31:03+00:00\",\"dateModified\":\"2023-05-12T22:51:12+00:00\",\"breadcrumb\":{\"@id\":\"https:\/\/enpamira.com\/index.php\/2022\/12\/28\/sacha-taglia-media-3-anni\/#breadcrumb\"},\"inLanguage\":\"it-IT\",\"potentialAction\":[{\"@type\":\"ReadAction\",\"target\":[\"https:\/\/enpamira.com\/index.php\/2022\/12\/28\/sacha-taglia-media-3-anni\/\"]}]},{\"@type\":\"ImageObject\",\"inLanguage\":\"it-IT\",\"@id\":\"https:\/\/enpamira.com\/index.php\/2022\/12\/28\/sacha-taglia-media-3-anni\/#primaryimage\",\"url\":\"https:\/\/enpamira.com\/wp-content\/uploads\/2022\/12\/320921526_941839987200540_1192647329255217568_n-1.jpg\",\"contentUrl\":\"https:\/\/enpamira.com\/wp-content\/uploads\/2022\/12\/320921526_941839987200540_1192647329255217568_n-1.jpg\",\"width\":756,\"height\":920},{\"@type\":\"BreadcrumbList\",\"@id\":\"https:\/\/enpamira.com\/index.php\/2022\/12\/28\/sacha-taglia-media-3-anni\/#breadcrumb\",\"itemListElement\":[{\"@type\":\"ListItem\",\"position\":1,\"name\":\"Home\",\"item\":\"https:\/\/enpamira.com\/\"},{\"@type\":\"ListItem\",\"position\":2,\"name\":\"Sacha taglia media 3 anni\"}]},{\"@type\":\"WebSite\",\"@id\":\"https:\/\/enpamira.com\/#website\",\"url\":\"https:\/\/enpamira.com\/\",\"name\":\"Enpa Mira\",\"description\":\"\",\"publisher\":{\"@id\":\"https:\/\/enpamira.com\/#organization\"},\"potentialAction\":[{\"@type\":\"SearchAction\",\"target\":{\"@type\":\"EntryPoint\",\"urlTemplate\":\"https:\/\/enpamira.com\/?s={search_term_string}\"},\"query-input\":{\"@type\":\"PropertyValueSpecification\",\"valueRequired\":true,\"valueName\":\"search_term_string\"}}],\"inLanguage\":\"it-IT\"},{\"@type\":\"Organization\",\"@id\":\"https:\/\/enpamira.com\/#organization\",\"name\":\"Enpa sezione di Mira\",\"url\":\"https:\/\/enpamira.com\/\",\"logo\":{\"@type\":\"ImageObject\",\"inLanguage\":\"it-IT\",\"@id\":\"https:\/\/enpamira.com\/#\/schema\/logo\/image\/\",\"url\":\"https:\/\/enpamira.com\/wp-content\/uploads\/2022\/08\/cropped-664.jpg\",\"contentUrl\":\"https:\/\/enpamira.com\/wp-content\/uploads\/2022\/08\/cropped-664.jpg\",\"width\":115,\"height\":109,\"caption\":\"Enpa sezione di Mira\"},\"image\":{\"@id\":\"https:\/\/enpamira.com\/#\/schema\/logo\/image\/\"},\"sameAs\":[\"https:\/\/www.facebook.com\/Rifugio-ENPA-di-Mira-207730792746844\/\"]},{\"@type\":\"Person\",\"@id\":\"https:\/\/enpamira.com\/#\/schema\/person\/6ba21f9743937402d64774d6049e917c\",\"name\":\"admin\",\"image\":{\"@type\":\"ImageObject\",\"inLanguage\":\"it-IT\",\"@id\":\"https:\/\/secure.gravatar.com\/avatar\/4e5b795ac53919d5778fda7a49806a4e69b385e4811cf5b688079136d9d8859f?s=96&d=monsterid&r=g\",\"url\":\"https:\/\/secure.gravatar.com\/avatar\/4e5b795ac53919d5778fda7a49806a4e69b385e4811cf5b688079136d9d8859f?s=96&d=monsterid&r=g\",\"contentUrl\":\"https:\/\/secure.gravatar.com\/avatar\/4e5b795ac53919d5778fda7a49806a4e69b385e4811cf5b688079136d9d8859f?s=96&d=monsterid&r=g\",\"caption\":\"admin\"},\"sameAs\":[\"https:\/\/enpamira.com\"],\"url\":\"https:\/\/enpamira.com\/index.php\/author\/admin_enpamira\/\"}]}<\/script>\n<!-- \/ Yoast SEO plugin. -->","yoast_head_json":{"title":"Sacha taglia media 3 anni - Enpa Mira","robots":{"index":"index","follow":"follow","max-snippet":"max-snippet:-1","max-image-preview":"max-image-preview:large","max-video-preview":"max-video-preview:-1"},"canonical":"https:\/\/enpamira.com\/index.php\/2022\/12\/28\/sacha-taglia-media-3-anni\/","og_locale":"it_IT","og_type":"article","og_title":"Sacha taglia media 3 anni - Enpa Mira","og_description":"Sasha cerca casa Sasha \u00e8 un bellissimo e giovane maschio di quasi 3 anni, taglia media, castrato e in regola con le vaccinazioni. \u00c8 un cane socievole che ama la compagnia sia dei suoi co-specifici, con i quali \u00e8 un instancabile compagno di giochi, che degli esseri umani con i quali ha bisogno di instaurare [&hellip;]","og_url":"https:\/\/enpamira.com\/index.php\/2022\/12\/28\/sacha-taglia-media-3-anni\/","og_site_name":"Enpa Mira","article_publisher":"https:\/\/www.facebook.com\/Rifugio-ENPA-di-Mira-207730792746844\/","article_published_time":"2022-12-28T15:31:03+00:00","article_modified_time":"2023-05-12T22:51:12+00:00","og_image":[{"url":"https:\/\/enpamira.com\/wp-content\/uploads\/2022\/12\/320921526_941839987200540_1192647329255217568_n-1.jpg","type":"","width":"","height":""}],"author":"admin","twitter_card":"summary_large_image","twitter_misc":{"Scritto da":"admin","Tempo di lettura stimato":"1 minuto"},"schema":{"@context":"https:\/\/schema.org","@graph":[{"@type":"Article","@id":"https:\/\/enpamira.com\/index.php\/2022\/12\/28\/sacha-taglia-media-3-anni\/#article","isPartOf":{"@id":"https:\/\/enpamira.com\/index.php\/2022\/12\/28\/sacha-taglia-media-3-anni\/"},"author":{"name":"admin","@id":"https:\/\/enpamira.com\/#\/schema\/person\/6ba21f9743937402d64774d6049e917c"},"headline":"Sacha taglia media 3 anni","datePublished":"2022-12-28T15:31:03+00:00","dateModified":"2023-05-12T22:51:12+00:00","mainEntityOfPage":{"@id":"https:\/\/enpamira.com\/index.php\/2022\/12\/28\/sacha-taglia-media-3-anni\/"},"wordCount":85,"commentCount":0,"publisher":{"@id":"https:\/\/enpamira.com\/#organization"},"image":{"@id":"https:\/\/enpamira.com\/index.php\/2022\/12\/28\/sacha-taglia-media-3-anni\/#primaryimage"},"thumbnailUrl":"https:\/\/enpamira.com\/wp-content\/uploads\/2022\/12\/320921526_941839987200540_1192647329255217568_n-1.jpg","keywords":["cane da adottare mira","cane taglia media adozione venezia","canile enpa mira","enpa mira"],"articleSection":["cani in adozione"],"inLanguage":"it-IT","potentialAction":[{"@type":"CommentAction","name":"Comment","target":["https:\/\/enpamira.com\/index.php\/2022\/12\/28\/sacha-taglia-media-3-anni\/#respond"]}]},{"@type":"WebPage","@id":"https:\/\/enpamira.com\/index.php\/2022\/12\/28\/sacha-taglia-media-3-anni\/","url":"https:\/\/enpamira.com\/index.php\/2022\/12\/28\/sacha-taglia-media-3-anni\/","name":"Sacha taglia media 3 anni - Enpa Mira","isPartOf":{"@id":"https:\/\/enpamira.com\/#website"},"primaryImageOfPage":{"@id":"https:\/\/enpamira.com\/index.php\/2022\/12\/28\/sacha-taglia-media-3-anni\/#primaryimage"},"image":{"@id":"https:\/\/enpamira.com\/index.php\/2022\/12\/28\/sacha-taglia-media-3-anni\/#primaryimage"},"thumbnailUrl":"https:\/\/enpamira.com\/wp-content\/uploads\/2022\/12\/320921526_941839987200540_1192647329255217568_n-1.jpg","datePublished":"2022-12-28T15:31:03+00:00","dateModified":"2023-05-12T22:51:12+00:00","breadcrumb":{"@id":"https:\/\/enpamira.com\/index.php\/2022\/12\/28\/sacha-taglia-media-3-anni\/#breadcrumb"},"inLanguage":"it-IT","potentialAction":[{"@type":"ReadAction","target":["https:\/\/enpamira.com\/index.php\/2022\/12\/28\/sacha-taglia-media-3-anni\/"]}]},{"@type":"ImageObject","inLanguage":"it-IT","@id":"https:\/\/enpamira.com\/index.php\/2022\/12\/28\/sacha-taglia-media-3-anni\/#primaryimage","url":"https:\/\/enpamira.com\/wp-content\/uploads\/2022\/12\/320921526_941839987200540_1192647329255217568_n-1.jpg","contentUrl":"https:\/\/enpamira.com\/wp-content\/uploads\/2022\/12\/320921526_941839987200540_1192647329255217568_n-1.jpg","width":756,"height":920},{"@type":"BreadcrumbList","@id":"https:\/\/enpamira.com\/index.php\/2022\/12\/28\/sacha-taglia-media-3-anni\/#breadcrumb","itemListElement":[{"@type":"ListItem","position":1,"name":"Home","item":"https:\/\/enpamira.com\/"},{"@type":"ListItem","position":2,"name":"Sacha taglia media 3 anni"}]},{"@type":"WebSite","@id":"https:\/\/enpamira.com\/#website","url":"https:\/\/enpamira.com\/","name":"Enpa Mira","description":"","publisher":{"@id":"https:\/\/enpamira.com\/#organization"},"potentialAction":[{"@type":"SearchAction","target":{"@type":"EntryPoint","urlTemplate":"https:\/\/enpamira.com\/?s={search_term_string}"},"query-input":{"@type":"PropertyValueSpecification","valueRequired":true,"valueName":"search_term_string"}}],"inLanguage":"it-IT"},{"@type":"Organization","@id":"https:\/\/enpamira.com\/#organization","name":"Enpa sezione di Mira","url":"https:\/\/enpamira.com\/","logo":{"@type":"ImageObject","inLanguage":"it-IT","@id":"https:\/\/enpamira.com\/#\/schema\/logo\/image\/","url":"https:\/\/enpamira.com\/wp-content\/uploads\/2022\/08\/cropped-664.jpg","contentUrl":"https:\/\/enpamira.com\/wp-content\/uploads\/2022\/08\/cropped-664.jpg","width":115,"height":109,"caption":"Enpa sezione di Mira"},"image":{"@id":"https:\/\/enpamira.com\/#\/schema\/logo\/image\/"},"sameAs":["https:\/\/www.facebook.com\/Rifugio-ENPA-di-Mira-207730792746844\/"]},{"@type":"Person","@id":"https:\/\/enpamira.com\/#\/schema\/person\/6ba21f9743937402d64774d6049e917c","name":"admin","image":{"@type":"ImageObject","inLanguage":"it-IT","@id":"https:\/\/secure.gravatar.com\/avatar\/4e5b795ac53919d5778fda7a49806a4e69b385e4811cf5b688079136d9d8859f?s=96&d=monsterid&r=g","url":"https:\/\/secure.gravatar.com\/avatar\/4e5b795ac53919d5778fda7a49806a4e69b385e4811cf5b688079136d9d8859f?s=96&d=monsterid&r=g","contentUrl":"https:\/\/secure.gravatar.com\/avatar\/4e5b795ac53919d5778fda7a49806a4e69b385e4811cf5b688079136d9d8859f?s=96&d=monsterid&r=g","caption":"admin"},"sameAs":["https:\/\/enpamira.com"],"url":"https:\/\/enpamira.com\/index.php\/author\/admin_enpamira\/"}]}},"jetpack_publicize_connections":[],"jetpack_featured_media_url":"","jetpack_sharing_enabled":true,"_links":{"self":[{"href":"https:\/\/enpamira.com\/index.php\/wp-json\/wp\/v2\/posts\/674","targetHints":{"allow":["GET"]}}],"collection":[{"href":"https:\/\/enpamira.com\/index.php\/wp-json\/wp\/v2\/posts"}],"about":[{"href":"https:\/\/enpamira.com\/index.php\/wp-json\/wp\/v2\/types\/post"}],"author":[{"embeddable":true,"href":"https:\/\/enpamira.com\/index.php\/wp-json\/wp\/v2\/users\/1"}],"replies":[{"embeddable":true,"href":"https:\/\/enpamira.com\/index.php\/wp-json\/wp\/v2\/comments?post=674"}],"version-history":[{"count":2,"href":"https:\/\/enpamira.com\/index.php\/wp-json\/wp\/v2\/posts\/674\/revisions"}],"predecessor-version":[{"id":1037,"href":"https:\/\/enpamira.com\/index.php\/wp-json\/wp\/v2\/posts\/674\/revisions\/1037"}],"wp:attachment":[{"href":"https:\/\/enpamira.com\/index.php\/wp-json\/wp\/v2\/media?parent=674"}],"wp:term":[{"taxonomy":"category","embeddable":true,"href":"https:\/\/enpamira.com\/index.php\/wp-json\/wp\/v2\/categories?post=674"},{"taxonomy":"post_tag","embeddable":true,"href":"https:\/\/enpamira.com\/index.php\/wp-json\/wp\/v2\/tags?post=674"}],"curies":[{"name":"wp","href":"https:\/\/api.w.org\/{rel}","templated":true}]}}