{"id":1467,"date":"2024-09-20T17:47:31","date_gmt":"2024-09-20T15:47:31","guid":{"rendered":"https:\/\/enpamira.com\/?p=1467"},"modified":"2024-09-20T17:47:35","modified_gmt":"2024-09-20T15:47:35","slug":"raika-e-cuccioli-cercano-casa","status":"publish","type":"post","link":"https:\/\/enpamira.com\/index.php\/2024\/09\/20\/raika-e-cuccioli-cercano-casa\/","title":{"rendered":"Raika e cuccioli cercano casa"},"content":{"rendered":"\n<p>Vi ricordate di Raika ed i suoi tre cuccioli? Ora \u00e8 arrivato il momento di lasciare il rifugio per una nuova casa\u2026. <br>Mamma Raika ha cresciuto i suoi cuccioli con grandissimo amore e tante tante attenzioni, trasmettendo a loro il suo splendido carattere: affettuosa, socievolissima, dolce. Un fratellino \u00e8 stato particolarmente fortunato ed in questi giorni \u00e8 gi\u00e0 stato accolto nella sua nuova famiglia.<\/p>\n\n\n\n<p>Ma ci sono ancora questi due bellissimi musi alla ricerca di una super adozione. Sono un maschio ed una femmina, tre mesi appena compiuti, simil pastore tedesco, quindi futura taglia medio-grande. <br><br>E poi naturalmente c\u2019\u00e8 anche mamma Raika. Per lei parlano i suoi occhi.<br>\u00c8 un cane favoloso, una creatura di una dolcezza senza limiti, equilibrata e pacata.<\/p>\n\n\n\n<p>Se volete conoscere Raika ed i suoi piccoli, vi aspettiamo tutti i pomeriggi dalle 13.00 alle 16.00 senza necessit\u00e0 di appuntamento nel nostro rifugio Enpa di Mira.<\/p>\n\n\n\n<p><strong>Info 347.6455649<\/strong><\/p>\n\n\n\n<figure class=\"wp-block-gallery has-nested-images columns-default is-cropped wp-block-gallery-1 is-layout-flex wp-block-gallery-is-layout-flex\">\n<figure class=\"wp-block-image size-large\"><img loading=\"lazy\" decoding=\"async\" width=\"750\" height=\"934\" data-id=\"1470\" src=\"https:\/\/enpamira.com\/wp-content\/uploads\/2024\/09\/455189431_907517634737545_7384336542262828624_n.jpg\" alt=\"\" class=\"wp-image-1470\" srcset=\"https:\/\/enpamira.com\/wp-content\/uploads\/2024\/09\/455189431_907517634737545_7384336542262828624_n.jpg 750w, https:\/\/enpamira.com\/wp-content\/uploads\/2024\/09\/455189431_907517634737545_7384336542262828624_n-241x300.jpg 241w, https:\/\/enpamira.com\/wp-content\/uploads\/2024\/09\/455189431_907517634737545_7384336542262828624_n-676x842.jpg 676w\" sizes=\"auto, (max-width: 750px) 100vw, 750px\" \/><\/figure>\n\n\n\n<figure class=\"wp-block-image size-large\"><img loading=\"lazy\" decoding=\"async\" width=\"750\" height=\"1014\" data-id=\"1471\" src=\"https:\/\/enpamira.com\/wp-content\/uploads\/2024\/09\/455715448_907517844737524_2013730572171898445_n.jpg\" alt=\"\" class=\"wp-image-1471\" srcset=\"https:\/\/enpamira.com\/wp-content\/uploads\/2024\/09\/455715448_907517844737524_2013730572171898445_n.jpg 750w, https:\/\/enpamira.com\/wp-content\/uploads\/2024\/09\/455715448_907517844737524_2013730572171898445_n-222x300.jpg 222w, https:\/\/enpamira.com\/wp-content\/uploads\/2024\/09\/455715448_907517844737524_2013730572171898445_n-676x914.jpg 676w\" sizes=\"auto, (max-width: 750px) 100vw, 750px\" \/><\/figure>\n\n\n\n<figure class=\"wp-block-image size-large\"><img loading=\"lazy\" decoding=\"async\" width=\"1024\" height=\"768\" data-id=\"1472\" src=\"https:\/\/enpamira.com\/wp-content\/uploads\/2024\/09\/455322621_907523101403665_1957850612124739995_n-1-1024x768.jpg\" alt=\"\" class=\"wp-image-1472\" srcset=\"https:\/\/enpamira.com\/wp-content\/uploads\/2024\/09\/455322621_907523101403665_1957850612124739995_n-1-1024x768.jpg 1024w, https:\/\/enpamira.com\/wp-content\/uploads\/2024\/09\/455322621_907523101403665_1957850612124739995_n-1-300x225.jpg 300w, https:\/\/enpamira.com\/wp-content\/uploads\/2024\/09\/455322621_907523101403665_1957850612124739995_n-1-768x576.jpg 768w, https:\/\/enpamira.com\/wp-content\/uploads\/2024\/09\/455322621_907523101403665_1957850612124739995_n-1-1536x1152.jpg 1536w, https:\/\/enpamira.com\/wp-content\/uploads\/2024\/09\/455322621_907523101403665_1957850612124739995_n-1-676x507.jpg 676w, https:\/\/enpamira.com\/wp-content\/uploads\/2024\/09\/455322621_907523101403665_1957850612124739995_n-1.jpg 2048w\" sizes=\"auto, (max-width: 1024px) 100vw, 1024px\" \/><\/figure>\n<\/figure>\n\n\n\n<p><\/p>\n","protected":false},"excerpt":{"rendered":"<p>Vi ricordate di Raika ed i suoi tre cuccioli? Ora \u00e8 arrivato il momento di lasciare il rifugio per una nuova casa\u2026. Mamma Raika ha cresciuto i suoi cuccioli con grandissimo amore e tante tante attenzioni, trasmettendo a loro il suo splendido carattere: affettuosa, socievolissima, dolce. Un fratellino \u00e8 stato particolarmente fortunato ed in questi [&hellip;]<\/p>\n","protected":false},"author":1,"featured_media":0,"comment_status":"open","ping_status":"closed","sticky":false,"template":"","format":"standard","meta":{"_jetpack_memberships_contains_paid_content":false,"footnotes":"","jetpack_publicize_message":"","jetpack_publicize_feature_enabled":true,"jetpack_social_post_already_shared":true,"jetpack_social_options":{"image_generator_settings":{"template":"highway","default_image_id":0,"font":"","enabled":false},"version":2}},"categories":[12],"tags":[18,26,32,48,52,158,25,30,157],"class_list":["post-1467","post","type-post","status-publish","format-standard","hentry","category-cani-in-adozione","tag-cane-adozione-venezia","tag-cani-adozione-mestre","tag-cani-adozione-mira","tag-canile-enpa-mira","tag-canile-venezia","tag-cuccioli-pastore-tedesco-adozione-mira","tag-enpa-mira","tag-rifugio-enpa-mira","tag-simil-pastore-tedesco-adozione","post-preview"],"yoast_head":"<!-- This site is optimized with the Yoast SEO plugin v27.2 - https:\/\/yoast.com\/product\/yoast-seo-wordpress\/ -->\n<title>Raika e cuccioli cercano casa - Enpa Mira<\/title>\n<meta name=\"robots\" content=\"index, follow, max-snippet:-1, max-image-preview:large, max-video-preview:-1\" \/>\n<link rel=\"canonical\" href=\"https:\/\/enpamira.com\/index.php\/2024\/09\/20\/raika-e-cuccioli-cercano-casa\/\" \/>\n<meta property=\"og:locale\" content=\"it_IT\" \/>\n<meta property=\"og:type\" content=\"article\" \/>\n<meta property=\"og:title\" content=\"Raika e cuccioli cercano casa - Enpa Mira\" \/>\n<meta property=\"og:description\" content=\"Vi ricordate di Raika ed i suoi tre cuccioli? Ora \u00e8 arrivato il momento di lasciare il rifugio per una nuova casa\u2026. Mamma Raika ha cresciuto i suoi cuccioli con grandissimo amore e tante tante attenzioni, trasmettendo a loro il suo splendido carattere: affettuosa, socievolissima, dolce. Un fratellino \u00e8 stato particolarmente fortunato ed in questi [&hellip;]\" \/>\n<meta property=\"og:url\" content=\"https:\/\/enpamira.com\/index.php\/2024\/09\/20\/raika-e-cuccioli-cercano-casa\/\" \/>\n<meta property=\"og:site_name\" content=\"Enpa Mira\" \/>\n<meta property=\"article:publisher\" content=\"https:\/\/www.facebook.com\/Rifugio-ENPA-di-Mira-207730792746844\/\" \/>\n<meta property=\"article:published_time\" content=\"2024-09-20T15:47:31+00:00\" \/>\n<meta property=\"article:modified_time\" content=\"2024-09-20T15:47:35+00:00\" \/>\n<meta property=\"og:image\" content=\"https:\/\/enpamira.com\/wp-content\/uploads\/2024\/09\/455189431_907517634737545_7384336542262828624_n.jpg\" \/>\n<meta name=\"author\" content=\"admin\" \/>\n<meta name=\"twitter:card\" content=\"summary_large_image\" \/>\n<meta name=\"twitter:label1\" content=\"Scritto da\" \/>\n\t<meta name=\"twitter:data1\" content=\"admin\" \/>\n\t<meta name=\"twitter:label2\" content=\"Tempo di lettura stimato\" \/>\n\t<meta name=\"twitter:data2\" content=\"1 minuto\" \/>\n<script type=\"application\/ld+json\" class=\"yoast-schema-graph\">{\"@context\":\"https:\/\/schema.org\",\"@graph\":[{\"@type\":\"Article\",\"@id\":\"https:\/\/enpamira.com\/index.php\/2024\/09\/20\/raika-e-cuccioli-cercano-casa\/#article\",\"isPartOf\":{\"@id\":\"https:\/\/enpamira.com\/index.php\/2024\/09\/20\/raika-e-cuccioli-cercano-casa\/\"},\"author\":{\"name\":\"admin\",\"@id\":\"https:\/\/enpamira.com\/#\/schema\/person\/6ba21f9743937402d64774d6049e917c\"},\"headline\":\"Raika e cuccioli cercano casa\",\"datePublished\":\"2024-09-20T15:47:31+00:00\",\"dateModified\":\"2024-09-20T15:47:35+00:00\",\"mainEntityOfPage\":{\"@id\":\"https:\/\/enpamira.com\/index.php\/2024\/09\/20\/raika-e-cuccioli-cercano-casa\/\"},\"wordCount\":149,\"commentCount\":0,\"publisher\":{\"@id\":\"https:\/\/enpamira.com\/#organization\"},\"image\":{\"@id\":\"https:\/\/enpamira.com\/index.php\/2024\/09\/20\/raika-e-cuccioli-cercano-casa\/#primaryimage\"},\"thumbnailUrl\":\"https:\/\/enpamira.com\/wp-content\/uploads\/2024\/09\/455189431_907517634737545_7384336542262828624_n.jpg\",\"keywords\":[\"cane adozione venezia\",\"cani adozione mestre\",\"cani adozione mira\",\"canile enpa mira\",\"canile venezia\",\"cuccioli pastore tedesco adozione mira\",\"enpa mira\",\"rifugio enpa mira\",\"simil pastore tedesco adozione\"],\"articleSection\":[\"cani in adozione\"],\"inLanguage\":\"it-IT\",\"potentialAction\":[{\"@type\":\"CommentAction\",\"name\":\"Comment\",\"target\":[\"https:\/\/enpamira.com\/index.php\/2024\/09\/20\/raika-e-cuccioli-cercano-casa\/#respond\"]}]},{\"@type\":\"WebPage\",\"@id\":\"https:\/\/enpamira.com\/index.php\/2024\/09\/20\/raika-e-cuccioli-cercano-casa\/\",\"url\":\"https:\/\/enpamira.com\/index.php\/2024\/09\/20\/raika-e-cuccioli-cercano-casa\/\",\"name\":\"Raika e cuccioli cercano casa - Enpa Mira\",\"isPartOf\":{\"@id\":\"https:\/\/enpamira.com\/#website\"},\"primaryImageOfPage\":{\"@id\":\"https:\/\/enpamira.com\/index.php\/2024\/09\/20\/raika-e-cuccioli-cercano-casa\/#primaryimage\"},\"image\":{\"@id\":\"https:\/\/enpamira.com\/index.php\/2024\/09\/20\/raika-e-cuccioli-cercano-casa\/#primaryimage\"},\"thumbnailUrl\":\"https:\/\/enpamira.com\/wp-content\/uploads\/2024\/09\/455189431_907517634737545_7384336542262828624_n.jpg\",\"datePublished\":\"2024-09-20T15:47:31+00:00\",\"dateModified\":\"2024-09-20T15:47:35+00:00\",\"breadcrumb\":{\"@id\":\"https:\/\/enpamira.com\/index.php\/2024\/09\/20\/raika-e-cuccioli-cercano-casa\/#breadcrumb\"},\"inLanguage\":\"it-IT\",\"potentialAction\":[{\"@type\":\"ReadAction\",\"target\":[\"https:\/\/enpamira.com\/index.php\/2024\/09\/20\/raika-e-cuccioli-cercano-casa\/\"]}]},{\"@type\":\"ImageObject\",\"inLanguage\":\"it-IT\",\"@id\":\"https:\/\/enpamira.com\/index.php\/2024\/09\/20\/raika-e-cuccioli-cercano-casa\/#primaryimage\",\"url\":\"https:\/\/enpamira.com\/wp-content\/uploads\/2024\/09\/455189431_907517634737545_7384336542262828624_n.jpg\",\"contentUrl\":\"https:\/\/enpamira.com\/wp-content\/uploads\/2024\/09\/455189431_907517634737545_7384336542262828624_n.jpg\",\"width\":750,\"height\":934},{\"@type\":\"BreadcrumbList\",\"@id\":\"https:\/\/enpamira.com\/index.php\/2024\/09\/20\/raika-e-cuccioli-cercano-casa\/#breadcrumb\",\"itemListElement\":[{\"@type\":\"ListItem\",\"position\":1,\"name\":\"Home\",\"item\":\"https:\/\/enpamira.com\/\"},{\"@type\":\"ListItem\",\"position\":2,\"name\":\"Raika e cuccioli cercano casa\"}]},{\"@type\":\"WebSite\",\"@id\":\"https:\/\/enpamira.com\/#website\",\"url\":\"https:\/\/enpamira.com\/\",\"name\":\"Enpa Mira\",\"description\":\"\",\"publisher\":{\"@id\":\"https:\/\/enpamira.com\/#organization\"},\"potentialAction\":[{\"@type\":\"SearchAction\",\"target\":{\"@type\":\"EntryPoint\",\"urlTemplate\":\"https:\/\/enpamira.com\/?s={search_term_string}\"},\"query-input\":{\"@type\":\"PropertyValueSpecification\",\"valueRequired\":true,\"valueName\":\"search_term_string\"}}],\"inLanguage\":\"it-IT\"},{\"@type\":\"Organization\",\"@id\":\"https:\/\/enpamira.com\/#organization\",\"name\":\"Enpa sezione di Mira\",\"url\":\"https:\/\/enpamira.com\/\",\"logo\":{\"@type\":\"ImageObject\",\"inLanguage\":\"it-IT\",\"@id\":\"https:\/\/enpamira.com\/#\/schema\/logo\/image\/\",\"url\":\"https:\/\/enpamira.com\/wp-content\/uploads\/2022\/08\/cropped-664.jpg\",\"contentUrl\":\"https:\/\/enpamira.com\/wp-content\/uploads\/2022\/08\/cropped-664.jpg\",\"width\":115,\"height\":109,\"caption\":\"Enpa sezione di Mira\"},\"image\":{\"@id\":\"https:\/\/enpamira.com\/#\/schema\/logo\/image\/\"},\"sameAs\":[\"https:\/\/www.facebook.com\/Rifugio-ENPA-di-Mira-207730792746844\/\"]},{\"@type\":\"Person\",\"@id\":\"https:\/\/enpamira.com\/#\/schema\/person\/6ba21f9743937402d64774d6049e917c\",\"name\":\"admin\",\"image\":{\"@type\":\"ImageObject\",\"inLanguage\":\"it-IT\",\"@id\":\"https:\/\/secure.gravatar.com\/avatar\/4e5b795ac53919d5778fda7a49806a4e69b385e4811cf5b688079136d9d8859f?s=96&d=monsterid&r=g\",\"url\":\"https:\/\/secure.gravatar.com\/avatar\/4e5b795ac53919d5778fda7a49806a4e69b385e4811cf5b688079136d9d8859f?s=96&d=monsterid&r=g\",\"contentUrl\":\"https:\/\/secure.gravatar.com\/avatar\/4e5b795ac53919d5778fda7a49806a4e69b385e4811cf5b688079136d9d8859f?s=96&d=monsterid&r=g\",\"caption\":\"admin\"},\"sameAs\":[\"https:\/\/enpamira.com\"],\"url\":\"https:\/\/enpamira.com\/index.php\/author\/admin_enpamira\/\"}]}<\/script>\n<!-- \/ Yoast SEO plugin. -->","yoast_head_json":{"title":"Raika e cuccioli cercano casa - Enpa Mira","robots":{"index":"index","follow":"follow","max-snippet":"max-snippet:-1","max-image-preview":"max-image-preview:large","max-video-preview":"max-video-preview:-1"},"canonical":"https:\/\/enpamira.com\/index.php\/2024\/09\/20\/raika-e-cuccioli-cercano-casa\/","og_locale":"it_IT","og_type":"article","og_title":"Raika e cuccioli cercano casa - Enpa Mira","og_description":"Vi ricordate di Raika ed i suoi tre cuccioli? Ora \u00e8 arrivato il momento di lasciare il rifugio per una nuova casa\u2026. Mamma Raika ha cresciuto i suoi cuccioli con grandissimo amore e tante tante attenzioni, trasmettendo a loro il suo splendido carattere: affettuosa, socievolissima, dolce. Un fratellino \u00e8 stato particolarmente fortunato ed in questi [&hellip;]","og_url":"https:\/\/enpamira.com\/index.php\/2024\/09\/20\/raika-e-cuccioli-cercano-casa\/","og_site_name":"Enpa Mira","article_publisher":"https:\/\/www.facebook.com\/Rifugio-ENPA-di-Mira-207730792746844\/","article_published_time":"2024-09-20T15:47:31+00:00","article_modified_time":"2024-09-20T15:47:35+00:00","og_image":[{"url":"https:\/\/enpamira.com\/wp-content\/uploads\/2024\/09\/455189431_907517634737545_7384336542262828624_n.jpg","type":"","width":"","height":""}],"author":"admin","twitter_card":"summary_large_image","twitter_misc":{"Scritto da":"admin","Tempo di lettura stimato":"1 minuto"},"schema":{"@context":"https:\/\/schema.org","@graph":[{"@type":"Article","@id":"https:\/\/enpamira.com\/index.php\/2024\/09\/20\/raika-e-cuccioli-cercano-casa\/#article","isPartOf":{"@id":"https:\/\/enpamira.com\/index.php\/2024\/09\/20\/raika-e-cuccioli-cercano-casa\/"},"author":{"name":"admin","@id":"https:\/\/enpamira.com\/#\/schema\/person\/6ba21f9743937402d64774d6049e917c"},"headline":"Raika e cuccioli cercano casa","datePublished":"2024-09-20T15:47:31+00:00","dateModified":"2024-09-20T15:47:35+00:00","mainEntityOfPage":{"@id":"https:\/\/enpamira.com\/index.php\/2024\/09\/20\/raika-e-cuccioli-cercano-casa\/"},"wordCount":149,"commentCount":0,"publisher":{"@id":"https:\/\/enpamira.com\/#organization"},"image":{"@id":"https:\/\/enpamira.com\/index.php\/2024\/09\/20\/raika-e-cuccioli-cercano-casa\/#primaryimage"},"thumbnailUrl":"https:\/\/enpamira.com\/wp-content\/uploads\/2024\/09\/455189431_907517634737545_7384336542262828624_n.jpg","keywords":["cane adozione venezia","cani adozione mestre","cani adozione mira","canile enpa mira","canile venezia","cuccioli pastore tedesco adozione mira","enpa mira","rifugio enpa mira","simil pastore tedesco adozione"],"articleSection":["cani in adozione"],"inLanguage":"it-IT","potentialAction":[{"@type":"CommentAction","name":"Comment","target":["https:\/\/enpamira.com\/index.php\/2024\/09\/20\/raika-e-cuccioli-cercano-casa\/#respond"]}]},{"@type":"WebPage","@id":"https:\/\/enpamira.com\/index.php\/2024\/09\/20\/raika-e-cuccioli-cercano-casa\/","url":"https:\/\/enpamira.com\/index.php\/2024\/09\/20\/raika-e-cuccioli-cercano-casa\/","name":"Raika e cuccioli cercano casa - Enpa Mira","isPartOf":{"@id":"https:\/\/enpamira.com\/#website"},"primaryImageOfPage":{"@id":"https:\/\/enpamira.com\/index.php\/2024\/09\/20\/raika-e-cuccioli-cercano-casa\/#primaryimage"},"image":{"@id":"https:\/\/enpamira.com\/index.php\/2024\/09\/20\/raika-e-cuccioli-cercano-casa\/#primaryimage"},"thumbnailUrl":"https:\/\/enpamira.com\/wp-content\/uploads\/2024\/09\/455189431_907517634737545_7384336542262828624_n.jpg","datePublished":"2024-09-20T15:47:31+00:00","dateModified":"2024-09-20T15:47:35+00:00","breadcrumb":{"@id":"https:\/\/enpamira.com\/index.php\/2024\/09\/20\/raika-e-cuccioli-cercano-casa\/#breadcrumb"},"inLanguage":"it-IT","potentialAction":[{"@type":"ReadAction","target":["https:\/\/enpamira.com\/index.php\/2024\/09\/20\/raika-e-cuccioli-cercano-casa\/"]}]},{"@type":"ImageObject","inLanguage":"it-IT","@id":"https:\/\/enpamira.com\/index.php\/2024\/09\/20\/raika-e-cuccioli-cercano-casa\/#primaryimage","url":"https:\/\/enpamira.com\/wp-content\/uploads\/2024\/09\/455189431_907517634737545_7384336542262828624_n.jpg","contentUrl":"https:\/\/enpamira.com\/wp-content\/uploads\/2024\/09\/455189431_907517634737545_7384336542262828624_n.jpg","width":750,"height":934},{"@type":"BreadcrumbList","@id":"https:\/\/enpamira.com\/index.php\/2024\/09\/20\/raika-e-cuccioli-cercano-casa\/#breadcrumb","itemListElement":[{"@type":"ListItem","position":1,"name":"Home","item":"https:\/\/enpamira.com\/"},{"@type":"ListItem","position":2,"name":"Raika e cuccioli cercano casa"}]},{"@type":"WebSite","@id":"https:\/\/enpamira.com\/#website","url":"https:\/\/enpamira.com\/","name":"Enpa Mira","description":"","publisher":{"@id":"https:\/\/enpamira.com\/#organization"},"potentialAction":[{"@type":"SearchAction","target":{"@type":"EntryPoint","urlTemplate":"https:\/\/enpamira.com\/?s={search_term_string}"},"query-input":{"@type":"PropertyValueSpecification","valueRequired":true,"valueName":"search_term_string"}}],"inLanguage":"it-IT"},{"@type":"Organization","@id":"https:\/\/enpamira.com\/#organization","name":"Enpa sezione di Mira","url":"https:\/\/enpamira.com\/","logo":{"@type":"ImageObject","inLanguage":"it-IT","@id":"https:\/\/enpamira.com\/#\/schema\/logo\/image\/","url":"https:\/\/enpamira.com\/wp-content\/uploads\/2022\/08\/cropped-664.jpg","contentUrl":"https:\/\/enpamira.com\/wp-content\/uploads\/2022\/08\/cropped-664.jpg","width":115,"height":109,"caption":"Enpa sezione di Mira"},"image":{"@id":"https:\/\/enpamira.com\/#\/schema\/logo\/image\/"},"sameAs":["https:\/\/www.facebook.com\/Rifugio-ENPA-di-Mira-207730792746844\/"]},{"@type":"Person","@id":"https:\/\/enpamira.com\/#\/schema\/person\/6ba21f9743937402d64774d6049e917c","name":"admin","image":{"@type":"ImageObject","inLanguage":"it-IT","@id":"https:\/\/secure.gravatar.com\/avatar\/4e5b795ac53919d5778fda7a49806a4e69b385e4811cf5b688079136d9d8859f?s=96&d=monsterid&r=g","url":"https:\/\/secure.gravatar.com\/avatar\/4e5b795ac53919d5778fda7a49806a4e69b385e4811cf5b688079136d9d8859f?s=96&d=monsterid&r=g","contentUrl":"https:\/\/secure.gravatar.com\/avatar\/4e5b795ac53919d5778fda7a49806a4e69b385e4811cf5b688079136d9d8859f?s=96&d=monsterid&r=g","caption":"admin"},"sameAs":["https:\/\/enpamira.com"],"url":"https:\/\/enpamira.com\/index.php\/author\/admin_enpamira\/"}]}},"jetpack_publicize_connections":[],"jetpack_featured_media_url":"","jetpack_sharing_enabled":true,"_links":{"self":[{"href":"https:\/\/enpamira.com\/index.php\/wp-json\/wp\/v2\/posts\/1467","targetHints":{"allow":["GET"]}}],"collection":[{"href":"https:\/\/enpamira.com\/index.php\/wp-json\/wp\/v2\/posts"}],"about":[{"href":"https:\/\/enpamira.com\/index.php\/wp-json\/wp\/v2\/types\/post"}],"author":[{"embeddable":true,"href":"https:\/\/enpamira.com\/index.php\/wp-json\/wp\/v2\/users\/1"}],"replies":[{"embeddable":true,"href":"https:\/\/enpamira.com\/index.php\/wp-json\/wp\/v2\/comments?post=1467"}],"version-history":[{"count":1,"href":"https:\/\/enpamira.com\/index.php\/wp-json\/wp\/v2\/posts\/1467\/revisions"}],"predecessor-version":[{"id":1473,"href":"https:\/\/enpamira.com\/index.php\/wp-json\/wp\/v2\/posts\/1467\/revisions\/1473"}],"wp:attachment":[{"href":"https:\/\/enpamira.com\/index.php\/wp-json\/wp\/v2\/media?parent=1467"}],"wp:term":[{"taxonomy":"category","embeddable":true,"href":"https:\/\/enpamira.com\/index.php\/wp-json\/wp\/v2\/categories?post=1467"},{"taxonomy":"post_tag","embeddable":true,"href":"https:\/\/enpamira.com\/index.php\/wp-json\/wp\/v2\/tags?post=1467"}],"curies":[{"name":"wp","href":"https:\/\/api.w.org\/{rel}","templated":true}]}}